{"id":11623,"date":"2025-10-09T23:23:40","date_gmt":"2025-10-10T02:23:40","guid":{"rendered":"http:\/\/www.sochid.cl\/?p=11623"},"modified":"2025-10-09T23:23:40","modified_gmt":"2025-10-10T02:23:40","slug":"50-anos-conaphi-chile","status":"publish","type":"post","link":"https:\/\/www.sochid.cl\/?p=11623","title":{"rendered":"50 a\u00f1os CONAPHI Chile"},"content":{"rendered":"<p>\u00a1 Hola ! Les compartimos la celebraci\u00f3n de 50 a\u00f1os del PHI-LAC de Unesco, y tambi\u00e9n de 50 a\u00f1os del CONAPHI Chile. En el edificio de la CEPAL se present\u00f3 una rese\u00f1a de las personas e iniciativas que han marcado el per\u00edodo, y los avances logrados. Chile aport\u00f3 una Memoria.<\/p>\n<p><a href=\"http:\/\/www.sochid.cl\/wp-content\/uploads\/2025\/10\/20251007_172029-scaled.jpg\"><img fetchpriority=\"high\" decoding=\"async\" class=\"alignnone size-medium wp-image-11624\" src=\"http:\/\/www.sochid.cl\/wp-content\/uploads\/2025\/10\/20251007_172029-300x169.jpg\" alt=\"\" width=\"300\" height=\"169\" srcset=\"https:\/\/www.sochid.cl\/wp-content\/uploads\/2025\/10\/20251007_172029-300x169.jpg 300w, https:\/\/www.sochid.cl\/wp-content\/uploads\/2025\/10\/20251007_172029-1024x576.jpg 1024w, https:\/\/www.sochid.cl\/wp-content\/uploads\/2025\/10\/20251007_172029-768x432.jpg 768w, https:\/\/www.sochid.cl\/wp-content\/uploads\/2025\/10\/20251007_172029-1536x864.jpg 1536w, https:\/\/www.sochid.cl\/wp-content\/uploads\/2025\/10\/20251007_172029-2048x1152.jpg 2048w, https:\/\/www.sochid.cl\/wp-content\/uploads\/2025\/10\/20251007_172029-678x381.jpg 678w\" sizes=\"(max-width: 300px) 100vw, 300px\" \/><\/a><a href=\"http:\/\/www.sochid.cl\/wp-content\/uploads\/2025\/10\/IMG-20251008-WA0020.jpg\"><img decoding=\"async\" class=\"alignnone size-medium wp-image-11625\" src=\"http:\/\/www.sochid.cl\/wp-content\/uploads\/2025\/10\/IMG-20251008-WA0020-300x226.jpg\" alt=\"\" width=\"300\" height=\"226\" srcset=\"https:\/\/www.sochid.cl\/wp-content\/uploads\/2025\/10\/IMG-20251008-WA0020-300x226.jpg 300w, https:\/\/www.sochid.cl\/wp-content\/uploads\/2025\/10\/IMG-20251008-WA0020-1024x772.jpg 1024w, https:\/\/www.sochid.cl\/wp-content\/uploads\/2025\/10\/IMG-20251008-WA0020-768x579.jpg 768w, https:\/\/www.sochid.cl\/wp-content\/uploads\/2025\/10\/IMG-20251008-WA0020-1536x1158.jpg 1536w, https:\/\/www.sochid.cl\/wp-content\/uploads\/2025\/10\/IMG-20251008-WA0020-678x509.jpg 678w, https:\/\/www.sochid.cl\/wp-content\/uploads\/2025\/10\/IMG-20251008-WA0020-326x245.jpg 326w, https:\/\/www.sochid.cl\/wp-content\/uploads\/2025\/10\/IMG-20251008-WA0020-80x60.jpg 80w, https:\/\/www.sochid.cl\/wp-content\/uploads\/2025\/10\/IMG-20251008-WA0020.jpg 1600w\" sizes=\"(max-width: 300px) 100vw, 300px\" \/><\/a><a href=\"http:\/\/www.sochid.cl\/wp-content\/uploads\/2025\/10\/IMG-20251008-WA0021.jpg\"><img decoding=\"async\" class=\"alignnone size-medium wp-image-11626\" src=\"http:\/\/www.sochid.cl\/wp-content\/uploads\/2025\/10\/IMG-20251008-WA0021-225x300.jpg\" alt=\"\" width=\"225\" height=\"300\" srcset=\"https:\/\/www.sochid.cl\/wp-content\/uploads\/2025\/10\/IMG-20251008-WA0021-225x300.jpg 225w, https:\/\/www.sochid.cl\/wp-content\/uploads\/2025\/10\/IMG-20251008-WA0021-768x1024.jpg 768w, https:\/\/www.sochid.cl\/wp-content\/uploads\/2025\/10\/IMG-20251008-WA0021-1152x1536.jpg 1152w, https:\/\/www.sochid.cl\/wp-content\/uploads\/2025\/10\/IMG-20251008-WA0021.jpg 1200w\" sizes=\"(max-width: 225px) 100vw, 225px\" \/><\/a><\/p>\n","protected":false},"excerpt":{"rendered":"<div class=\"mh-excerpt\"><p>\u00a1 Hola ! Les compartimos la celebraci\u00f3n de 50 a\u00f1os del PHI-LAC de Unesco, y tambi\u00e9n de 50 a\u00f1os del CONAPHI Chile. En el edificio <a class=\"mh-excerpt-more\" href=\"https:\/\/www.sochid.cl\/?p=11623\" title=\"50 a\u00f1os CONAPHI Chile\">[&#8230;]<\/a><\/p>\n<\/div>","protected":false},"author":3148,"featured_media":11624,"comment_status":"open","ping_status":"closed","sticky":false,"template":"","format":"standard","meta":{"footnotes":""},"categories":[13],"tags":[],"class_list":["post-11623","post","type-post","status-publish","format-standard","has-post-thumbnail","hentry","category-noticias"],"_links":{"self":[{"href":"https:\/\/www.sochid.cl\/index.php?rest_route=\/wp\/v2\/posts\/11623","targetHints":{"allow":["GET"]}}],"collection":[{"href":"https:\/\/www.sochid.cl\/index.php?rest_route=\/wp\/v2\/posts"}],"about":[{"href":"https:\/\/www.sochid.cl\/index.php?rest_route=\/wp\/v2\/types\/post"}],"author":[{"embeddable":true,"href":"https:\/\/www.sochid.cl\/index.php?rest_route=\/wp\/v2\/users\/3148"}],"replies":[{"embeddable":true,"href":"https:\/\/www.sochid.cl\/index.php?rest_route=%2Fwp%2Fv2%2Fcomments&post=11623"}],"version-history":[{"count":1,"href":"https:\/\/www.sochid.cl\/index.php?rest_route=\/wp\/v2\/posts\/11623\/revisions"}],"predecessor-version":[{"id":11627,"href":"https:\/\/www.sochid.cl\/index.php?rest_route=\/wp\/v2\/posts\/11623\/revisions\/11627"}],"wp:featuredmedia":[{"embeddable":true,"href":"https:\/\/www.sochid.cl\/index.php?rest_route=\/wp\/v2\/media\/11624"}],"wp:attachment":[{"href":"https:\/\/www.sochid.cl\/index.php?rest_route=%2Fwp%2Fv2%2Fmedia&parent=11623"}],"wp:term":[{"taxonomy":"category","embeddable":true,"href":"https:\/\/www.sochid.cl\/index.php?rest_route=%2Fwp%2Fv2%2Fcategories&post=11623"},{"taxonomy":"post_tag","embeddable":true,"href":"https:\/\/www.sochid.cl\/index.php?rest_route=%2Fwp%2Fv2%2Ftags&post=11623"}],"curies":[{"name":"wp","href":"https:\/\/api.w.org\/{rel}","templated":true}]}}