{"id":11585,"date":"2025-10-01T11:22:22","date_gmt":"2025-10-01T14:22:22","guid":{"rendered":"https:\/\/www.sochid.cl\/?p=11585"},"modified":"2025-10-01T11:23:01","modified_gmt":"2025-10-01T14:23:01","slug":"informacion-xxvii-congreso-chileno-de-ingenieria-hidraulica","status":"publish","type":"post","link":"https:\/\/www.sochid.cl\/?p=11585","title":{"rendered":"Informaci\u00f3n XXVII Congreso Chileno de Ingenier\u00eda Hidr\u00e1ulica"},"content":{"rendered":"<p>Estas son las fechas relevantes a pocos d\u00edas del XXVII Congreso SOCHID:<\/p>\n<p><strong>Plazos y fechas relevantes:<\/strong><br \/>\n01 de octubre \u2013 Fecha env\u00edo de correcciones a autores por parte del comit\u00e9 revisor<br \/>\n10 de octubre \u2013 Fecha l\u00edmite para env\u00edo de trabajos corregidos por parte de autores<br \/>\n10 de octubre \u2013 Fecha l\u00edmite para inscribirse en el congreso y en la visita t\u00e9cnica<br \/>\n20 y 21 octubre \u2013 Escuela SOCHID<br \/>\n22, 23 y 24 octubre \u2013\u00a0Congreso<br \/>\n23 octubre \u2013 Cena (solo para profesionales)<br \/>\n25 octubre \u2013 Visita t\u00e9cnica cuenca del Laja<\/p>\n<p><strong>Invitado internacional a Charla Plenaria:<\/strong><br \/>\nDr. Juan Pedro Mart\u00edn Vide, catedr\u00e1tico en la Universidad Polit\u00e9cnica de Catalu\u00f1a. Autor del libro: Ingenier\u00eda de R\u00edos.<\/p>\n<p><strong>Escuela Sochid:<\/strong><br \/>\n1.- Introducci\u00f3n a Telemac 2D, Luis Zamorano, INH-MOP. Lunes 21 15-18 hrs y Martes 22 de 9-13 y 15-18 hrs. Sin costo.<br \/>\n2.- Uso de R para an\u00e1lisis de datos espacio-temporales y aplicaci\u00f3n a datos diarios CR2MetV2.5., Mauricio Zambrano Bigiarini, U. de la Frontera. Horario: Martes 15:30-18:30 hrs. Costo: Estudiantes y egresados con menos de un a\u00f1o de antig\u00fcedad: 35.000 CLP, Profesionales: 90.000 CLP.<br \/>\n3.- IA aplicada a hidrolog\u00eda, Luis de la Fuente, U. de Concepci\u00f3n. Horario: Martes 9:00-13 hrs. Sin costo.<br \/>\nLos cursos se desarrollar\u00e1n de manera presencial en la Facultad de Ingenier\u00eda de la U. de Concepci\u00f3n. Inscripciones: Primero, inscribirse en el congreso. Luego, enviar un email a <a class=\"jSCGDUgoqNvvbUnPDFFTOpwltyTpsKQo \" tabindex=\"0\" href=\"mailto:hidraulica2025@udec.cl\" target=\"_self\" rel=\"noopener\" data-test-app-aware-link=\"\">hidraulica2025@udec.cl<\/a> indicando cu\u00e1l curso en el que se inscribe.<\/p>\n<p><strong>Visita T\u00e9cnica:<\/strong><br \/>\nVisita T\u00e9cnica Cuenca del Laja, Centrales y Obras para Riego, salida s\u00e1bado 25, a las 8:30 hrs desde la Facultad de Ingenier\u00eda de la U. de Concepci\u00f3n. Regreso, pasadas las 19 hrs. Inscripciones: Primero, inscribirse en el congreso. Luego, enviar un email a <a class=\"jSCGDUgoqNvvbUnPDFFTOpwltyTpsKQo \" tabindex=\"0\" href=\"mailto:hidraulica2025@udec.cl\" target=\"_self\" rel=\"noopener\" data-test-app-aware-link=\"\">hidraulica2025@udec.cl<\/a> indicando su nombre e inscribi\u00e9ndose en la visita t\u00e9cnica Laja. Esta actividad tiene un costo de $30.000 para profesionales. No tiene costo para estudiantes.<\/p>\n<p><strong>Becas para inscripci\u00f3n de estudiantes al congreso:<\/strong><br \/>\nLos estudiantes que requieran apoyo financiero para pagar la inscripci\u00f3n al congreso pueden postular a una beca, para lo cual deben por favor enviar un email a: <a class=\"jSCGDUgoqNvvbUnPDFFTOpwltyTpsKQo \" tabindex=\"0\" href=\"mailto:hidraulica2025@udec.cl\" target=\"_self\" rel=\"noopener\" data-test-app-aware-link=\"\">hidraulica2025@udec.cl<\/a>,\u00a0indicando en el asunto del email \u201cpostulaci\u00f3n beca de Nombre Apellido\u201d y conteniendo los siguientes datos: Nombre completo, RUT, Universidad, Envi\u00f3 art\u00edculo como autor\/coautor (en caso afirmativo, indicar el t\u00edtulo del trabajo y los autores ), Documento (concentraci\u00f3n de notas o certificado firmado por el jefe de carrera) que indique las notas finales de las asignaturas del \u00e1rea hidr\u00e1ulica que ya haya cursado. Se recibir\u00e1n postulaciones hasta el d\u00eda 3 de octubre\u00a0de\u00a02025.<\/p>\n<p>\u00a1Los esperamos en la Universidad de Concepci\u00f3n!<\/p>\n","protected":false},"excerpt":{"rendered":"<div class=\"mh-excerpt\"><p>Estas son las fechas relevantes a pocos d\u00edas del XXVII Congreso SOCHID: Plazos y fechas relevantes: 01 de octubre \u2013 Fecha env\u00edo de correcciones a <a class=\"mh-excerpt-more\" href=\"https:\/\/www.sochid.cl\/?p=11585\" title=\"Informaci\u00f3n XXVII Congreso Chileno de Ingenier\u00eda Hidr\u00e1ulica\">[&#8230;]<\/a><\/p>\n<\/div>","protected":false},"author":3149,"featured_media":0,"comment_status":"open","ping_status":"closed","sticky":false,"template":"","format":"standard","meta":{"footnotes":""},"categories":[14],"tags":[],"class_list":["post-11585","post","type-post","status-publish","format-standard","hentry","category-informaciones-sochid"],"_links":{"self":[{"href":"https:\/\/www.sochid.cl\/index.php?rest_route=\/wp\/v2\/posts\/11585","targetHints":{"allow":["GET"]}}],"collection":[{"href":"https:\/\/www.sochid.cl\/index.php?rest_route=\/wp\/v2\/posts"}],"about":[{"href":"https:\/\/www.sochid.cl\/index.php?rest_route=\/wp\/v2\/types\/post"}],"author":[{"embeddable":true,"href":"https:\/\/www.sochid.cl\/index.php?rest_route=\/wp\/v2\/users\/3149"}],"replies":[{"embeddable":true,"href":"https:\/\/www.sochid.cl\/index.php?rest_route=%2Fwp%2Fv2%2Fcomments&post=11585"}],"version-history":[{"count":2,"href":"https:\/\/www.sochid.cl\/index.php?rest_route=\/wp\/v2\/posts\/11585\/revisions"}],"predecessor-version":[{"id":11587,"href":"https:\/\/www.sochid.cl\/index.php?rest_route=\/wp\/v2\/posts\/11585\/revisions\/11587"}],"wp:attachment":[{"href":"https:\/\/www.sochid.cl\/index.php?rest_route=%2Fwp%2Fv2%2Fmedia&parent=11585"}],"wp:term":[{"taxonomy":"category","embeddable":true,"href":"https:\/\/www.sochid.cl\/index.php?rest_route=%2Fwp%2Fv2%2Fcategories&post=11585"},{"taxonomy":"post_tag","embeddable":true,"href":"https:\/\/www.sochid.cl\/index.php?rest_route=%2Fwp%2Fv2%2Ftags&post=11585"}],"curies":[{"name":"wp","href":"https:\/\/api.w.org\/{rel}","templated":true}]}}